{"id":392,"date":"2025-04-02T19:50:17","date_gmt":"2025-04-02T17:50:17","guid":{"rendered":"https:\/\/allergo.infodocs.eu\/cours2025\/groupe10\/?p=392"},"modified":"2025-04-09T21:41:24","modified_gmt":"2025-04-09T19:41:24","slug":"seminaire-jeunes-chercheurs-information-scientifique-notre-communication","status":"publish","type":"post","link":"https:\/\/allergo.infodocs.eu\/site\/2025\/04\/02\/seminaire-jeunes-chercheurs-information-scientifique-notre-communication\/","title":{"rendered":"S\u00e9minaire \u00ab Jeunes chercheurs information scientifique \u00bb : notre communication"},"content":{"rendered":"\n<p>Du 17 au 21 mars s\u2019est tenu le s\u00e9minaire \u00ab Jeunes chercheurs information scientifique \u00bb organis\u00e9 sous le format Webconf\u00e9rence par l\u2019Unit\u00e9 R\u00e9gionale de Formation \u00e0 l\u2019information Scientifique et Technique (URFIST). Cet \u00e9v\u00e8nement a \u00e9t\u00e9 l\u2019occasion pour de nombreux chercheurs de pr\u00e9senter leurs travaux et pour d\u2019autres d\u2019approfondir leurs connaissances dans des domaines tels que l\u2019intelligence artificielle, la publication en acc\u00e8s libre ou encore les corpus textuels. Le programme comprenait des rencontres, des tables rondes, des ateliers et des formations.<\/p>\n\n\n\n<p>Nous avons eu la chance de participer, le mercredi 19 mars, \u00e0 une table ronde intitul\u00e9e \u00ab M\u00e9diations des savoirs \u00bb, mod\u00e9r\u00e9e par Florence Thiault. Nous avons partag\u00e9 la parole avec deux autres chercheurs. D\u2019une part, Nicolas Brard, sp\u00e9cialiste des relations entre sciences et m\u00e9dias, a ax\u00e9 son intervention sur les r\u00e9seaux socio-num\u00e9riques et l\u2019engagement des chercheurs. Il a mis en avant le r\u00f4le des interventions des chercheurs et des institutions scientifiques au sein des r\u00e9seaux sociaux, lesquels constituent \u00e0 la fois un outil de communication efficace et un risque r\u00e9el en termes d\u2019exposition. D\u2019autre part, Ugo Verdi, post-doctorant en science de l\u2019information et de la communication, est intervenu pour pr\u00e9senter ses recherches sur les enjeux du traitement des donn\u00e9es notamment \u00e0 travers les concepts de litt\u00e9ratie et de la gouvernance des donn\u00e9es.&nbsp;&nbsp;<\/p>\n\n\n\n<p>Pour notre part, nous avons expos\u00e9 nos r\u00e9flexions et l\u2019\u00e9tat de nos recherches sur l\u2019\u00e9laboration des syst\u00e8mes organis\u00e9s des connaissances dans le domaine m\u00e9dical (SOCM) en particulier en allergologie. Notre intervention, intitul\u00e9e \u00ab Elaboration des syst\u00e8mes d\u2019organisation des connaissances m\u00e9dicales : place \u00e0 l\u2019utilit\u00e9 ! \u00bb s\u2019est appuy\u00e9e sur un support consultable sur le portail HAL. Apr\u00e8s un bref rappel du contexte dans lequel nos travaux s\u2019inscrivent, notamment le manque de structuration des connaissances malgr\u00e9 leur complexification et la multiplication des acteurs en mati\u00e8re d\u2019allergologie, nous avons pr\u00e9sent\u00e9 notre approche, notre m\u00e9thodologie et nos principaux r\u00e9sultats. En effet, nous avons adopt\u00e9 une double approche \u00e0 la fois constructiviste, bas\u00e9e sur l\u2019observation de l\u2019interaction des professionnels avec leur environnement, et contextualis\u00e9e, fond\u00e9e sur une analyse des pratiques et des documents utilis\u00e9s quotidiennement. A partir de cette approche nous avons cherch\u00e9 \u00e0 d\u00e9velopper un SOCM ancr\u00e9 dans la r\u00e9alit\u00e9 et utile aux professionnels. Notre m\u00e9thodologie s\u2019est appuy\u00e9e sur l\u2019\u00e9tude de 4399 documents m\u00e9dicaux ainsi que sur l\u2019observation et la r\u00e9alisation d\u2019entretiens avec les professionnels de sant\u00e9. Nous avons \u00e9tabli un diagnostic des pratiques informationnelles des professionnels, ces derniers ont r\u00e9v\u00e9l\u00e9 utiliser diverses sources mal class\u00e9es ou mal organis\u00e9es et qu\u2019il y avait un manque d\u2019efficacit\u00e9 dans la recherche par mots clefs. De ce diagnostic nous avons propos\u00e9 une ontologie sp\u00e9cifique \u00e0 l\u2019allergologie compos\u00e9e de 1598 mots. Les retours des professionnels ont \u00e9t\u00e9 positifs puisque beaucoup nous d\u00e9clarent que l\u2019outil est proche de la r\u00e9alit\u00e9 et utile. Enfin, nous avons conclu en pr\u00e9sentant les enjeux futurs et les perspectives, notamment l\u2019enrichissement de l\u2019ontologie et la volont\u00e9 de porter ce projet au niveau national et international.<\/p>\n","protected":false},"excerpt":{"rendered":"<p>Du 17 au 21 mars s\u2019est tenu le s\u00e9minaire \u00ab Jeunes chercheurs information scientifique \u00bb organis\u00e9 sous le format Webconf\u00e9rence [&hellip;]<\/p>\n","protected":false},"author":6,"featured_media":0,"comment_status":"open","ping_status":"open","sticky":false,"template":"","format":"standard","meta":{"site-sidebar-layout":"default","site-content-layout":"","ast-site-content-layout":"default","site-content-style":"default","site-sidebar-style":"default","ast-global-header-display":"","ast-banner-title-visibility":"","ast-main-header-display":"","ast-hfb-above-header-display":"","ast-hfb-below-header-display":"","ast-hfb-mobile-header-display":"","site-post-title":"","ast-breadcrumbs-content":"","ast-featured-img":"","footer-sml-layout":"","theme-transparent-header-meta":"","adv-header-id-meta":"","stick-header-meta":"","header-above-stick-meta":"","header-main-stick-meta":"","header-below-stick-meta":"","astra-migrate-meta-layouts":"default","ast-page-background-enabled":"default","ast-page-background-meta":{"desktop":{"background-color":"var(--ast-global-color-5)","background-image":"","background-repeat":"repeat","background-position":"center center","background-size":"auto","background-attachment":"scroll","background-type":"","background-media":"","overlay-type":"","overlay-color":"","overlay-opacity":"","overlay-gradient":""},"tablet":{"background-color":"","background-image":"","background-repeat":"repeat","background-position":"center center","background-size":"auto","background-attachment":"scroll","background-type":"","background-media":"","overlay-type":"","overlay-color":"","overlay-opacity":"","overlay-gradient":""},"mobile":{"background-color":"","background-image":"","background-repeat":"repeat","background-position":"center center","background-size":"auto","background-attachment":"scroll","background-type":"","background-media":"","overlay-type":"","overlay-color":"","overlay-opacity":"","overlay-gradient":""}},"ast-content-background-meta":{"desktop":{"background-color":"var(--ast-global-color-4)","background-image":"","background-repeat":"repeat","background-position":"center center","background-size":"auto","background-attachment":"scroll","background-type":"","background-media":"","overlay-type":"","overlay-color":"","overlay-opacity":"","overlay-gradient":""},"tablet":{"background-color":"var(--ast-global-color-4)","background-image":"","background-repeat":"repeat","background-position":"center center","background-size":"auto","background-attachment":"scroll","background-type":"","background-media":"","overlay-type":"","overlay-color":"","overlay-opacity":"","overlay-gradient":""},"mobile":{"background-color":"var(--ast-global-color-4)","background-image":"","background-repeat":"repeat","background-position":"center center","background-size":"auto","background-attachment":"scroll","background-type":"","background-media":"","overlay-type":"","overlay-color":"","overlay-opacity":"","overlay-gradient":""}},"footnotes":""},"categories":[27],"tags":[],"class_list":["post-392","post","type-post","status-publish","format-standard","hentry","category-rencontres-et-evenements"],"_links":{"self":[{"href":"https:\/\/allergo.infodocs.eu\/site\/wp-json\/wp\/v2\/posts\/392","targetHints":{"allow":["GET"]}}],"collection":[{"href":"https:\/\/allergo.infodocs.eu\/site\/wp-json\/wp\/v2\/posts"}],"about":[{"href":"https:\/\/allergo.infodocs.eu\/site\/wp-json\/wp\/v2\/types\/post"}],"author":[{"embeddable":true,"href":"https:\/\/allergo.infodocs.eu\/site\/wp-json\/wp\/v2\/users\/6"}],"replies":[{"embeddable":true,"href":"https:\/\/allergo.infodocs.eu\/site\/wp-json\/wp\/v2\/comments?post=392"}],"version-history":[{"count":3,"href":"https:\/\/allergo.infodocs.eu\/site\/wp-json\/wp\/v2\/posts\/392\/revisions"}],"predecessor-version":[{"id":481,"href":"https:\/\/allergo.infodocs.eu\/site\/wp-json\/wp\/v2\/posts\/392\/revisions\/481"}],"wp:attachment":[{"href":"https:\/\/allergo.infodocs.eu\/site\/wp-json\/wp\/v2\/media?parent=392"}],"wp:term":[{"taxonomy":"category","embeddable":true,"href":"https:\/\/allergo.infodocs.eu\/site\/wp-json\/wp\/v2\/categories?post=392"},{"taxonomy":"post_tag","embeddable":true,"href":"https:\/\/allergo.infodocs.eu\/site\/wp-json\/wp\/v2\/tags?post=392"}],"curies":[{"name":"wp","href":"https:\/\/api.w.org\/{rel}","templated":true}]}}